{"id":10953,"date":"2022-04-10T12:04:11","date_gmt":"2022-04-10T10:04:11","guid":{"rendered":"https:\/\/www.huelvaysusfotografos.com\/?p=10953"},"modified":"2022-04-10T15:04:04","modified_gmt":"2022-04-10T13:04:04","slug":"exito-de-fotea-2022-en-la-casa-colon","status":"publish","type":"post","link":"https:\/\/www.huelvaysusfotografos.com\/?p=10953","title":{"rendered":"\u00c9xito de Fotea 2022 en la Casa Col\u00f3n"},"content":{"rendered":"\n<p>Los jardines del centenario espacio de La Casa Colon en Huelva, albergo la edici\u00f3n 2022 de Fotea.<\/p>\n\n\n\n<p>Un encuentro de fot\u00f3grafos y modelos en una soleada ma\u00f1ana de s\u00e1bado de pasi\u00f3n, como escenario sus jardines, como dise\u00f1adora Saray Atelier, que nos mostraba su \u00faltima colecci\u00f3n de Flamenca de los 80, sin duda todos unos argumentos para disfrutar de esta jornada.<\/p>\n\n\n\n<p>Debemos dar las gracias a todas las modelos que nos acompa\u00f1aron para que todo esto fuese posible, y como no a la maquilladora y la firma de complementos que puso el color en los pendientes y en los tocados de las modelos.<\/p>\n\n\n\n<figure class=\"wp-block-image size-full\"><a href=\"https:\/\/www.huelvaysusfotografos.com\/wp-content\/uploads\/2022\/04\/FOTO-MODELOS-FOTEA-2022_ARI3672.jpg\"><img loading=\"lazy\" decoding=\"async\" width=\"900\" height=\"491\" src=\"https:\/\/www.huelvaysusfotografos.com\/wp-content\/uploads\/2022\/04\/FOTO-MODELOS-FOTEA-2022_ARI3672.jpg\" alt=\"\" class=\"wp-image-10954\" srcset=\"https:\/\/www.huelvaysusfotografos.com\/wp-content\/uploads\/2022\/04\/FOTO-MODELOS-FOTEA-2022_ARI3672.jpg 900w, https:\/\/www.huelvaysusfotografos.com\/wp-content\/uploads\/2022\/04\/FOTO-MODELOS-FOTEA-2022_ARI3672-300x164.jpg 300w, https:\/\/www.huelvaysusfotografos.com\/wp-content\/uploads\/2022\/04\/FOTO-MODELOS-FOTEA-2022_ARI3672-768x419.jpg 768w\" sizes=\"auto, (max-width: 900px) 100vw, 900px\" \/><\/a><\/figure>\n\n\n\n<p><strong>Modelos:<\/strong> Noelia Franco Conde, Celeste Mar\u00edn Amador, Claudia Bautista Caballero, Natalia Pati\u00f1o Mar\u00edn, Kristina Viktoria, Vanessa Vieira Da Silva, Cristina, Daniela, Mar\u00eda y Adela<\/p>\n\n\n\n<p><strong>Dise\u00f1adora<\/strong>: Saray Atelier<\/p>\n\n\n\n<p><strong>Maquilladora<\/strong>: Altea<\/p>\n\n\n\n<p><strong>Complementos<\/strong>: Entre Perlas y P\u00e9talos<\/p>\n\n\n\n<p><strong>Fot\u00f3grafos<\/strong>: Jos\u00e9 Luis Arizmendi Llanes, Jos\u00e9 Mar\u00eda Est\u00e9vez, Ana Mar\u00eda C\u00e1liz, Flor N\u00fa\u00f1ez Nieto, Miriam Rodr\u00edguez S\u00e1nchez, Ricardo Villegas Ferro, Miguel Gallardo, Manoli Suarez, Paco Gil, Manolo Pascual, Antonio Martin Riego, Antonio Le\u00f1a, Carmelo V\u00e1zquez, Fran Borges, Cayetano Burgos Mazo, Fran Alonso Correa, Adolfo Morales y Paco Mac\u00edas.<\/p>\n\n\n\n<p>Un verdadero placer realizar estas actividades de alto inter\u00e9s para los socios, nos vemos en la pr\u00f3xima.<\/p>\n","protected":false},"excerpt":{"rendered":"<p>Los jardines del centenario espacio de La Casa Colon en Huelva, albergo la edici\u00f3n 2022 de Fotea. Un encuentro de fot\u00f3grafos y modelos en una soleada ma\u00f1ana de s\u00e1bado de pasi\u00f3n, como escenario sus jardines, como dise\u00f1adora Saray Atelier, que nos mostraba su \u00faltima colecci\u00f3n de Flamenca de los 80, sin duda todos unos argumentos para disfrutar de esta jornada. Debemos dar las gracias a todas las modelos que nos<\/p>\n<div class=\"belowpost\"><a class=\"btnmore\" href=\"https:\/\/www.huelvaysusfotografos.com\/?p=10953\">Seguir leyendo<\/a><\/div>\n","protected":false},"author":8279,"featured_media":10956,"comment_status":"open","ping_status":"open","sticky":false,"template":"","format":"standard","meta":{"footnotes":"","_links_to":"","_links_to_target":""},"categories":[4],"tags":[],"class_list":["post-10953","post","type-post","status-publish","format-standard","has-post-thumbnail","hentry","category-actividades"],"_links":{"self":[{"href":"https:\/\/www.huelvaysusfotografos.com\/index.php?rest_route=\/wp\/v2\/posts\/10953","targetHints":{"allow":["GET"]}}],"collection":[{"href":"https:\/\/www.huelvaysusfotografos.com\/index.php?rest_route=\/wp\/v2\/posts"}],"about":[{"href":"https:\/\/www.huelvaysusfotografos.com\/index.php?rest_route=\/wp\/v2\/types\/post"}],"author":[{"embeddable":true,"href":"https:\/\/www.huelvaysusfotografos.com\/index.php?rest_route=\/wp\/v2\/users\/8279"}],"replies":[{"embeddable":true,"href":"https:\/\/www.huelvaysusfotografos.com\/index.php?rest_route=%2Fwp%2Fv2%2Fcomments&post=10953"}],"version-history":[{"count":1,"href":"https:\/\/www.huelvaysusfotografos.com\/index.php?rest_route=\/wp\/v2\/posts\/10953\/revisions"}],"predecessor-version":[{"id":10955,"href":"https:\/\/www.huelvaysusfotografos.com\/index.php?rest_route=\/wp\/v2\/posts\/10953\/revisions\/10955"}],"wp:featuredmedia":[{"embeddable":true,"href":"https:\/\/www.huelvaysusfotografos.com\/index.php?rest_route=\/wp\/v2\/media\/10956"}],"wp:attachment":[{"href":"https:\/\/www.huelvaysusfotografos.com\/index.php?rest_route=%2Fwp%2Fv2%2Fmedia&parent=10953"}],"wp:term":[{"taxonomy":"category","embeddable":true,"href":"https:\/\/www.huelvaysusfotografos.com\/index.php?rest_route=%2Fwp%2Fv2%2Fcategories&post=10953"},{"taxonomy":"post_tag","embeddable":true,"href":"https:\/\/www.huelvaysusfotografos.com\/index.php?rest_route=%2Fwp%2Fv2%2Ftags&post=10953"}],"curies":[{"name":"wp","href":"https:\/\/api.w.org\/{rel}","templated":true}]}}