{"id":10559,"date":"2022-03-06T00:28:54","date_gmt":"2022-03-05T23:28:54","guid":{"rendered":"https:\/\/www.huelvaysusfotografos.com\/?p=10559"},"modified":"2022-03-07T12:44:46","modified_gmt":"2022-03-07T11:44:46","slug":"niebla-acogera-la-exposicion-de-el-agua-y-el-puerto","status":"publish","type":"post","link":"https:\/\/www.huelvaysusfotografos.com\/?p=10559","title":{"rendered":"Niebla acoger\u00e1 la exposici\u00f3n de El Agua y El Puerto."},"content":{"rendered":"\n<p>La ciudad amurallada de Niebla, ser\u00e1 nuestra pr\u00f3xima parada para la exposici\u00f3n itinerante de El Agua y El Puerto.<\/p>\n\n\n\n<p>Tras la inauguraci\u00f3n el pasado mes de enero en el centro de recepci\u00f3n y documentaci\u00f3n del Puerto de Huelva, nuestra exposici\u00f3n fotogr\u00e1fica ha salido a provincia, siendo la ciudad fronteriza de Ayamonte, nuestra primera parada donde ha recalado hasta el 7 de marzo.<\/p>\n\n\n\n<p>Niebla, ser\u00e1 nuestra segunda parada en la provincia y lo har\u00e1 en un lugar emblem\u00e1tico de nuestra provincia, La Casa de la Cultura, antiguo Hospital Nuestra Se\u00f1ora de los \u00c1ngeles.<\/p>\n\n\n\n<p>El Hospital Nuestra Se\u00f1ora de los \u00c1ngeles, de Niebla se encuentra situado dentro del recinto amurallado de la ciudad. Se construy\u00f3 en la c\u00e9ntrica plaza de Santa Mar\u00eda, junto a uno de los edificios m\u00e1s importantes de la ciudad como es la iglesia de Nuestra Se\u00f1ora de la Granada. La funci\u00f3n principal de este hospital era la de curar a enfermos, siendo estos separados por sexos, que posteriormente eran trasladados a la ciudad de Sevilla, y la de hospedaje de los peregrinos que pasaban por la ciudad de Niebla. El hospital contaba con capilla propia. En el a\u00f1o 1730 se incluye entre las diferentes ermitas de Niebla, junto con la iglesia de Nuestra Se\u00f1ora de la Granada y la iglesia de san Mart\u00edn. Su arquitectura, al igual que el arco de la portada principal, es obra de principio del siglo XVI. En su exterior hay un azulejo que representa esta obra en color azul y blanco. Tiene planta cuadrada. Y se cubre con b\u00f3veda de crucer\u00eda simple. Ya en su interior, pintada sobre un muro, se encontraba una pintura en honor a do\u00f1a Mar\u00eda de los \u00c1ngeles, del siglo XVIII, obra pict\u00f3rica.<\/p>\n\n\n\n<p>Esta exposici\u00f3n itinerante cuenta con 44 obras de 29 autores distintos de la Asociaci\u00f3n Huelva y sus fot\u00f3grafos y nos muestra un recorrido por los distintos lugares de nuestros r\u00edos Odiel y Tinto.<\/p>\n\n\n\n<p>Ser\u00e1 el pr\u00f3ximo <strong>viernes 11 de marzo a las 20.00 horas<\/strong>, cuando la alcaldesa de la localidad Laura Pichardo Romero, junto a la concejal de Cultura, Nuria Clavijo Guill\u00e9n y el presidente de la Asociaci\u00f3n Huelva y sus Fot\u00f3grafos, Jos\u00e9 Luis Arizmendi Llanes, inauguren esta exposici\u00f3n colectiva.<\/p>\n\n\n\n<p>La exposici\u00f3n permanecer\u00e1 en Niebla hasta el pr\u00f3ximo 11 de abril de 2022.<\/p>\n\n\n\n<p>Tras la inauguraci\u00f3n de la exposici\u00f3n tomaremos un coctel.<\/p>\n\n\n\n<p><strong>Actividad<\/strong>.- Inauguraci\u00f3n Exposici\u00f3n Colectiva El Agua y El Puerto.<\/p>\n\n\n\n<p><strong>Lugar<\/strong>.- Sala de Archivo de la Casa de la Cultura de Niebla<\/p>\n\n\n\n<p><strong>Fecha<\/strong>.- viernes 11 de marzo de 2022<\/p>\n\n\n\n<p><strong>Hora.<\/strong>&#8211; 20.00 horas<\/p>\n\n\n\n<div class=\"wp-block-image\"><figure class=\"aligncenter size-full\"><a href=\"https:\/\/www.huelvaysusfotografos.com\/wp-content\/uploads\/2022\/03\/CARTEL-NIEBLA-EL-AGUA-Y-EL-PUERTO.jpg\"><img loading=\"lazy\" decoding=\"async\" width=\"767\" height=\"1024\" src=\"https:\/\/www.huelvaysusfotografos.com\/wp-content\/uploads\/2022\/03\/CARTEL-NIEBLA-EL-AGUA-Y-EL-PUERTO.jpg\" alt=\"\" class=\"wp-image-10563\" srcset=\"https:\/\/www.huelvaysusfotografos.com\/wp-content\/uploads\/2022\/03\/CARTEL-NIEBLA-EL-AGUA-Y-EL-PUERTO.jpg 767w, https:\/\/www.huelvaysusfotografos.com\/wp-content\/uploads\/2022\/03\/CARTEL-NIEBLA-EL-AGUA-Y-EL-PUERTO-225x300.jpg 225w\" sizes=\"auto, (max-width: 767px) 100vw, 767px\" \/><\/a><\/figure><\/div>\n\n\n\n<p><\/p>\n","protected":false},"excerpt":{"rendered":"<p>La ciudad amurallada de Niebla, ser\u00e1 nuestra pr\u00f3xima parada para la exposici\u00f3n itinerante de El Agua y El Puerto. Tras la inauguraci\u00f3n el pasado mes de enero en el centro de recepci\u00f3n y documentaci\u00f3n del Puerto de Huelva, nuestra exposici\u00f3n fotogr\u00e1fica ha salido a provincia, siendo la ciudad fronteriza de Ayamonte, nuestra primera parada donde ha recalado hasta el 7 de marzo. Niebla, ser\u00e1 nuestra segunda parada en la provincia<\/p>\n<div class=\"belowpost\"><a class=\"btnmore\" href=\"https:\/\/www.huelvaysusfotografos.com\/?p=10559\">Seguir leyendo<\/a><\/div>\n","protected":false},"author":8279,"featured_media":10561,"comment_status":"open","ping_status":"open","sticky":false,"template":"","format":"standard","meta":{"footnotes":"","_links_to":"","_links_to_target":""},"categories":[23],"tags":[],"class_list":["post-10559","post","type-post","status-publish","format-standard","has-post-thumbnail","hentry","category-exposiciones"],"_links":{"self":[{"href":"https:\/\/www.huelvaysusfotografos.com\/index.php?rest_route=\/wp\/v2\/posts\/10559","targetHints":{"allow":["GET"]}}],"collection":[{"href":"https:\/\/www.huelvaysusfotografos.com\/index.php?rest_route=\/wp\/v2\/posts"}],"about":[{"href":"https:\/\/www.huelvaysusfotografos.com\/index.php?rest_route=\/wp\/v2\/types\/post"}],"author":[{"embeddable":true,"href":"https:\/\/www.huelvaysusfotografos.com\/index.php?rest_route=\/wp\/v2\/users\/8279"}],"replies":[{"embeddable":true,"href":"https:\/\/www.huelvaysusfotografos.com\/index.php?rest_route=%2Fwp%2Fv2%2Fcomments&post=10559"}],"version-history":[{"count":2,"href":"https:\/\/www.huelvaysusfotografos.com\/index.php?rest_route=\/wp\/v2\/posts\/10559\/revisions"}],"predecessor-version":[{"id":10564,"href":"https:\/\/www.huelvaysusfotografos.com\/index.php?rest_route=\/wp\/v2\/posts\/10559\/revisions\/10564"}],"wp:featuredmedia":[{"embeddable":true,"href":"https:\/\/www.huelvaysusfotografos.com\/index.php?rest_route=\/wp\/v2\/media\/10561"}],"wp:attachment":[{"href":"https:\/\/www.huelvaysusfotografos.com\/index.php?rest_route=%2Fwp%2Fv2%2Fmedia&parent=10559"}],"wp:term":[{"taxonomy":"category","embeddable":true,"href":"https:\/\/www.huelvaysusfotografos.com\/index.php?rest_route=%2Fwp%2Fv2%2Fcategories&post=10559"},{"taxonomy":"post_tag","embeddable":true,"href":"https:\/\/www.huelvaysusfotografos.com\/index.php?rest_route=%2Fwp%2Fv2%2Ftags&post=10559"}],"curies":[{"name":"wp","href":"https:\/\/api.w.org\/{rel}","templated":true}]}}