{"id":10556,"date":"2022-03-01T20:35:00","date_gmt":"2022-03-01T19:35:00","guid":{"rendered":"https:\/\/www.huelvaysusfotografos.com\/?p=10556"},"modified":"2022-03-05T23:38:00","modified_gmt":"2022-03-05T22:38:00","slug":"asamblea-ordinaria-de-socios-2022","status":"publish","type":"post","link":"https:\/\/www.huelvaysusfotografos.com\/?p=10556","title":{"rendered":"Asamblea Ordinaria de socios 2022"},"content":{"rendered":"\n<p>Estimados socios, por la presente os convocamos a la asamblea ordinaria de la Asociaci\u00f3n Huelva y sus Fot\u00f3grafos, que tendr\u00e1 lugar el pr\u00f3ximo <strong>viernes 18 de marzo a las 19.00<\/strong> horas en el sal\u00f3n de actos de la Gota de Leche, sita en Paseo de la Independencia, 47 de Huelva.<\/p>\n\n\n\n<p>Asamblea que tendr\u00e1 el siguiente orden del d\u00eda.<\/p>\n\n\n\n<p>1.- Lectura de actividades realizadas en 2020 y 2021<\/p>\n\n\n\n<p>2.- Estado de cuentas de la Asociaci\u00f3n<\/p>\n\n\n\n<p>3.- Presentaci\u00f3n de actividades para 2022<\/p>\n\n\n\n<p>4.- Renovaci\u00f3n de la Junta Directiva<\/p>\n\n\n\n<p>5.- Ruegos y preguntas<\/p>\n\n\n\n<p><strong>Actividad<\/strong>.- Asamblea Ordinaria Huelva y sus Fot\u00f3grafos<\/p>\n\n\n\n<p><strong>Lugar<\/strong>.- Sal\u00f3n actos La Gota de Leche<\/p>\n\n\n\n<p>&nbsp;&nbsp;&nbsp;&nbsp;&nbsp;&nbsp;&nbsp;&nbsp;&nbsp;&nbsp;&nbsp;&nbsp;&nbsp;&nbsp;&nbsp; Paseo de la Independencia, 47.&nbsp;&nbsp; 21002 Huelva.<\/p>\n\n\n\n<p><strong>D\u00eda<\/strong>.- &nbsp;&nbsp;&nbsp;&nbsp;&nbsp;viernes 18 de marzo de 2022<\/p>\n\n\n\n<p><strong>Hora<\/strong>.- &nbsp;&nbsp;a las 19.00 horas.<\/p>\n\n\n\n<p>En la Ciudad de Huelva a 1 de marzo de 2022.<\/p>\n\n\n\n<p>LA JUNTA DIRECTIVA<\/p>\n","protected":false},"excerpt":{"rendered":"<p>Estimados socios, por la presente os convocamos a la asamblea ordinaria de la Asociaci\u00f3n Huelva y sus Fot\u00f3grafos, que tendr\u00e1 lugar el pr\u00f3ximo viernes 18 de marzo a las 19.00 horas en el sal\u00f3n de actos de la Gota de Leche, sita en Paseo de la Independencia, 47 de Huelva. Asamblea que tendr\u00e1 el siguiente orden del d\u00eda. 1.- Lectura de actividades realizadas en 2020 y 2021 2.- Estado de<\/p>\n<div class=\"belowpost\"><a class=\"btnmore\" href=\"https:\/\/www.huelvaysusfotografos.com\/?p=10556\">Seguir leyendo<\/a><\/div>\n","protected":false},"author":8279,"featured_media":10557,"comment_status":"open","ping_status":"open","sticky":false,"template":"","format":"standard","meta":{"footnotes":"","_links_to":"","_links_to_target":""},"categories":[163],"tags":[],"class_list":["post-10556","post","type-post","status-publish","format-standard","has-post-thumbnail","hentry","category-asambleas"],"_links":{"self":[{"href":"https:\/\/www.huelvaysusfotografos.com\/index.php?rest_route=\/wp\/v2\/posts\/10556","targetHints":{"allow":["GET"]}}],"collection":[{"href":"https:\/\/www.huelvaysusfotografos.com\/index.php?rest_route=\/wp\/v2\/posts"}],"about":[{"href":"https:\/\/www.huelvaysusfotografos.com\/index.php?rest_route=\/wp\/v2\/types\/post"}],"author":[{"embeddable":true,"href":"https:\/\/www.huelvaysusfotografos.com\/index.php?rest_route=\/wp\/v2\/users\/8279"}],"replies":[{"embeddable":true,"href":"https:\/\/www.huelvaysusfotografos.com\/index.php?rest_route=%2Fwp%2Fv2%2Fcomments&post=10556"}],"version-history":[{"count":1,"href":"https:\/\/www.huelvaysusfotografos.com\/index.php?rest_route=\/wp\/v2\/posts\/10556\/revisions"}],"predecessor-version":[{"id":10558,"href":"https:\/\/www.huelvaysusfotografos.com\/index.php?rest_route=\/wp\/v2\/posts\/10556\/revisions\/10558"}],"wp:featuredmedia":[{"embeddable":true,"href":"https:\/\/www.huelvaysusfotografos.com\/index.php?rest_route=\/wp\/v2\/media\/10557"}],"wp:attachment":[{"href":"https:\/\/www.huelvaysusfotografos.com\/index.php?rest_route=%2Fwp%2Fv2%2Fmedia&parent=10556"}],"wp:term":[{"taxonomy":"category","embeddable":true,"href":"https:\/\/www.huelvaysusfotografos.com\/index.php?rest_route=%2Fwp%2Fv2%2Fcategories&post=10556"},{"taxonomy":"post_tag","embeddable":true,"href":"https:\/\/www.huelvaysusfotografos.com\/index.php?rest_route=%2Fwp%2Fv2%2Ftags&post=10556"}],"curies":[{"name":"wp","href":"https:\/\/api.w.org\/{rel}","templated":true}]}}