{"id":10376,"date":"2022-02-23T00:27:55","date_gmt":"2022-02-22T23:27:55","guid":{"rendered":"https:\/\/www.huelvaysusfotografos.com\/?p=10376"},"modified":"2022-02-23T00:27:58","modified_gmt":"2022-02-22T23:27:58","slug":"quedada-expres-carnaval-de-calle","status":"publish","type":"post","link":"https:\/\/www.huelvaysusfotografos.com\/?p=10376","title":{"rendered":"Quedada expr\u00e9s Carnaval de Calle."},"content":{"rendered":"\n<p>Os trasladamos la quedada expr\u00e9s para el pr\u00f3ximo s\u00e1bado 26 de febrero.<\/p>\n\n\n\n<p>Como bien sab\u00e9is el pasado s\u00e1bado se celebraba la final del carnaval colombino 2022 en el Gran Teatro de Huelva.<\/p>\n\n\n\n<p>Ahora esas agrupaciones de Murgas, Comparsas y Cuartetos salen a la calle para hacer las delicias de todos los onubenses.<\/p>\n\n\n\n<p>Sin duda alguna un para\u00edso para la fotograf\u00eda por el colorido de sus disfraces, que hacen que nuestra retina no de abasto para captar lo singular de esas vestimentas.<\/p>\n\n\n\n<p>Para ello os proponemos una quedada expr\u00e9s el s\u00e1bado 26 de febrero a las 11.00 horas en la Plaza de las Monjas, donde se desarrollar\u00e1 un carrusel de agrupaciones.<\/p>\n\n\n\n<p>Posteriormente se llevar\u00e1 a cabo la cabalgata de los grupos desde las 16.00 a las 18.00 horas, para cerrar el d\u00eda con otro carrusel de agrupaciones desde las 18.00 horas.<\/p>\n\n\n\n<p>Adjuntamos cartel del evento de la Fopac.<\/p>\n\n\n\n<p><strong>Evento<\/strong>.- Quedada Expr\u00e9s Carnaval de Calle<\/p>\n\n\n\n<p><strong>D\u00eda<\/strong>.- s\u00e1bado 26 de febrero de 2022<\/p>\n\n\n\n<p><strong>Lugar<\/strong>.- Plaza de las Monjas<\/p>\n\n\n\n<p><strong>Hora<\/strong>.- a las 11.00 horas.<\/p>\n\n\n\n<div class=\"wp-block-image\"><figure class=\"aligncenter size-large\"><a href=\"https:\/\/www.huelvaysusfotografos.com\/wp-content\/uploads\/2022\/02\/Quedada-expres-Carnaval-de-Calle.jpg\"><img loading=\"lazy\" decoding=\"async\" width=\"1024\" height=\"683\" src=\"https:\/\/www.huelvaysusfotografos.com\/wp-content\/uploads\/2022\/02\/Quedada-expres-Carnaval-de-Calle-1024x683.jpg\" alt=\"\" class=\"wp-image-10377\" srcset=\"https:\/\/www.huelvaysusfotografos.com\/wp-content\/uploads\/2022\/02\/Quedada-expres-Carnaval-de-Calle-1024x683.jpg 1024w, https:\/\/www.huelvaysusfotografos.com\/wp-content\/uploads\/2022\/02\/Quedada-expres-Carnaval-de-Calle-300x200.jpg 300w, https:\/\/www.huelvaysusfotografos.com\/wp-content\/uploads\/2022\/02\/Quedada-expres-Carnaval-de-Calle-768x512.jpg 768w, https:\/\/www.huelvaysusfotografos.com\/wp-content\/uploads\/2022\/02\/Quedada-expres-Carnaval-de-Calle-120x80.jpg 120w, https:\/\/www.huelvaysusfotografos.com\/wp-content\/uploads\/2022\/02\/Quedada-expres-Carnaval-de-Calle.jpg 1326w\" sizes=\"auto, (max-width: 1024px) 100vw, 1024px\" \/><\/a><\/figure><\/div>\n\n\n\n<figure class=\"wp-block-image size-large\"><a href=\"https:\/\/www.huelvaysusfotografos.com\/wp-content\/uploads\/2022\/02\/CARTEL-CARRUSEL-FOPAC..jpg\"><img loading=\"lazy\" decoding=\"async\" width=\"756\" height=\"1024\" src=\"https:\/\/www.huelvaysusfotografos.com\/wp-content\/uploads\/2022\/02\/CARTEL-CARRUSEL-FOPAC.-756x1024.jpg\" alt=\"\" class=\"wp-image-10378\" srcset=\"https:\/\/www.huelvaysusfotografos.com\/wp-content\/uploads\/2022\/02\/CARTEL-CARRUSEL-FOPAC.-756x1024.jpg 756w, https:\/\/www.huelvaysusfotografos.com\/wp-content\/uploads\/2022\/02\/CARTEL-CARRUSEL-FOPAC.-222x300.jpg 222w, https:\/\/www.huelvaysusfotografos.com\/wp-content\/uploads\/2022\/02\/CARTEL-CARRUSEL-FOPAC.-768x1040.jpg 768w, https:\/\/www.huelvaysusfotografos.com\/wp-content\/uploads\/2022\/02\/CARTEL-CARRUSEL-FOPAC.-1135x1536.jpg 1135w, https:\/\/www.huelvaysusfotografos.com\/wp-content\/uploads\/2022\/02\/CARTEL-CARRUSEL-FOPAC..jpg 1416w\" sizes=\"auto, (max-width: 756px) 100vw, 756px\" \/><\/a><\/figure>\n","protected":false},"excerpt":{"rendered":"<p>Os trasladamos la quedada expr\u00e9s para el pr\u00f3ximo s\u00e1bado 26 de febrero. Como bien sab\u00e9is el pasado s\u00e1bado se celebraba la final del carnaval colombino 2022 en el Gran Teatro de Huelva. Ahora esas agrupaciones de Murgas, Comparsas y Cuartetos salen a la calle para hacer las delicias de todos los onubenses. Sin duda alguna un para\u00edso para la fotograf\u00eda por el colorido de sus disfraces, que hacen que nuestra<\/p>\n<div class=\"belowpost\"><a class=\"btnmore\" href=\"https:\/\/www.huelvaysusfotografos.com\/?p=10376\">Seguir leyendo<\/a><\/div>\n","protected":false},"author":8279,"featured_media":10379,"comment_status":"open","ping_status":"open","sticky":false,"template":"","format":"standard","meta":{"footnotes":"","_links_to":"","_links_to_target":""},"categories":[6],"tags":[],"class_list":["post-10376","post","type-post","status-publish","format-standard","has-post-thumbnail","hentry","category-quedadas"],"_links":{"self":[{"href":"https:\/\/www.huelvaysusfotografos.com\/index.php?rest_route=\/wp\/v2\/posts\/10376","targetHints":{"allow":["GET"]}}],"collection":[{"href":"https:\/\/www.huelvaysusfotografos.com\/index.php?rest_route=\/wp\/v2\/posts"}],"about":[{"href":"https:\/\/www.huelvaysusfotografos.com\/index.php?rest_route=\/wp\/v2\/types\/post"}],"author":[{"embeddable":true,"href":"https:\/\/www.huelvaysusfotografos.com\/index.php?rest_route=\/wp\/v2\/users\/8279"}],"replies":[{"embeddable":true,"href":"https:\/\/www.huelvaysusfotografos.com\/index.php?rest_route=%2Fwp%2Fv2%2Fcomments&post=10376"}],"version-history":[{"count":1,"href":"https:\/\/www.huelvaysusfotografos.com\/index.php?rest_route=\/wp\/v2\/posts\/10376\/revisions"}],"predecessor-version":[{"id":10380,"href":"https:\/\/www.huelvaysusfotografos.com\/index.php?rest_route=\/wp\/v2\/posts\/10376\/revisions\/10380"}],"wp:featuredmedia":[{"embeddable":true,"href":"https:\/\/www.huelvaysusfotografos.com\/index.php?rest_route=\/wp\/v2\/media\/10379"}],"wp:attachment":[{"href":"https:\/\/www.huelvaysusfotografos.com\/index.php?rest_route=%2Fwp%2Fv2%2Fmedia&parent=10376"}],"wp:term":[{"taxonomy":"category","embeddable":true,"href":"https:\/\/www.huelvaysusfotografos.com\/index.php?rest_route=%2Fwp%2Fv2%2Fcategories&post=10376"},{"taxonomy":"post_tag","embeddable":true,"href":"https:\/\/www.huelvaysusfotografos.com\/index.php?rest_route=%2Fwp%2Fv2%2Ftags&post=10376"}],"curies":[{"name":"wp","href":"https:\/\/api.w.org\/{rel}","templated":true}]}}