{"id":10372,"date":"2022-02-22T23:09:27","date_gmt":"2022-02-22T22:09:27","guid":{"rendered":"https:\/\/www.huelvaysusfotografos.com\/?p=10372"},"modified":"2022-02-23T21:05:18","modified_gmt":"2022-02-23T20:05:18","slug":"convivencia-fotografica-de-hermandad-en-la-dehesa","status":"publish","type":"post","link":"https:\/\/www.huelvaysusfotografos.com\/?p=10372","title":{"rendered":"Convivencia fotogr\u00e1fica de hermandad en la Dehesa."},"content":{"rendered":"\n<p>El primer encuentro de Hermandad de las dos asociaciones fotogr\u00e1ficas de Huelva, pasa por una visita guiada a la finca onubense de Los Millares.<\/p>\n\n\n\n<p>Tras el&nbsp; hermanamiento de ACCOF y HYSF el pasado mes de noviembre, ambas asociaciones se unir\u00e1n en este encuentro fotogr\u00e1fico y gastron\u00f3mico como primero de los actos que ambas asociaciones pretenden realizar en este a\u00f1o de 2022.<\/p>\n\n\n\n<p>Andaluc\u00eda disfruta de m\u00e1s de 3.000 horas de sol al a\u00f1o. Tambi\u00e9n en oto\u00f1o, ese sol ilumina las dehesas donde toros bravos, caballos espa\u00f1oles y la t\u00edpica estampa del cerdo ib\u00e9rico en libertad prestan al espacio una belleza inigualable.<\/p>\n\n\n\n<p>Trigueros, uno de esos pueblos blancos de esta vieja Onuba, y su entorno rural, acogen ese espacio tan singular, donde la dehesa brava da forma al Toro de Lidia. Un animal \u00fanico, capaz de transformar en sensaciones inolvidables una jornada de visita a la finca Pelegr\u00edn, uno de los m\u00e1s singulares cortijos andaluces donde el reloj detiene el tiempo para que el visitante disfrute al m\u00e1ximo de su estancia entre nosotros en un espacio ecol\u00f3gico al que la naturaleza llena de colores y aromas tan especiales y dif\u00edciles de olvidar.<\/p>\n\n\n\n<p>Le invitamos, a trav\u00e9s de \u00e9stas l\u00edneas, a que descubran, junto a esos toros que criamos, un clima benigno y una gastronom\u00eda de la zona que llenar\u00e1n sus sentidos de intensas sensaciones dif\u00edciles de olvidar junto a los vinos j\u00f3venes y afrutados del Condado onubense, y una comida campera intensa y plena de sabores recuperados de la cocina de siempre.<\/p>\n\n\n\n<p>La finca Pelegr\u00edn, propiedad del ganadero D. Manuel \u00c1ngel Millares, se asienta en la localidad de Trigueros (Huelva) sobre una extensi\u00f3n de 1.200 hect\u00e1reas a una sola linde y alberga en la actualidad a unas 1.600 cabezas de ganado de lidia, repartidas entre los encastes de sangre Jandilla, Atanasio y N\u00fa\u00f1ez.<\/p>\n\n\n\n<p>Junto al ganado de lidia, se puede observar una amplia reserva de grullas, garzas, liebres, perdices, zorros, jabal\u00edes, ciervos, rapaces y una amplia diversidad de aves de peque\u00f1o tama\u00f1o, todo ello fruto de la calidez y posibilidad de alimento que ofrecen la reserva de agua de 12 lagos naturales y el espacio natural de una dehesa de encinas y alcornoques y plantas aut\u00f3ctonas de tomillo, poleo y cardos junto con el lentisco y el madro\u00f1o.<\/p>\n\n\n\n<p>Dentro del espacio visitable hay que destacar tambi\u00e9n una amplia muestra de piaras de cerdo ib\u00e9rico y ejemplares en libertad de caballos y yeguas de pura raza espa\u00f1ola, y puro \u00e1rabes y sus sementales.<\/p>\n\n\n\n<p>El traslado de los visitantes se realiza en remolques de tractor, protegidos por una cubierta, tanto del sol como de la lluvia en temporada invernal y primaveral.<\/p>\n\n\n\n<p>A lo largo del recorrido se efect\u00faan distintas paradas para explicar el entorno e incluso en alg\u00fan momento los visitantes pueden bajar a pie de cercado cuando no haya riesgo para ellos.<\/p>\n\n\n\n<p>La actividad tendr\u00e1 lugar el pr\u00f3ximo s\u00e1bado 12 de marzo de 2022.<\/p>\n\n\n\n<p>VISITA GUIADA EN REMOLQUES POR LOS DISTINTOS CERCADOS, VIENDO TOROS BRAVOS, CABALLO ESPA\u00d1OL Y CERCADO DE CERDO IB\u00c9RICO<\/p>\n\n\n\n<p>Duraci\u00f3n aproximada del recorrido 2 horas<\/p>\n\n\n\n<p><strong>Actividad<\/strong>.- Visita campo, Dehesa de bravo.<\/p>\n\n\n\n<p><strong>Fecha<\/strong>.- s\u00e1bado 12 de marzo de 2022<\/p>\n\n\n\n<p><strong>Lugar<\/strong>.- Finca Los Millares, Trigueros (Huelva)<\/p>\n\n\n\n<p><strong>Hora comienzo<\/strong>.- 10.30 horas<\/p>\n\n\n\n<p><strong>Hora finalizaci\u00f3n<\/strong>.- 17.00 horas<\/p>\n\n\n\n<p><strong>Precio actividad por persona<\/strong>.- 45 euros<\/p>\n\n\n\n<p>El importe de la actividad debe estar ingresado en la cuenta de la Asociaci\u00f3n antes de las 16.00 horas del martes 8 de marzo de 2022. Indicando en el concepto Nombre completo del socio.<\/p>\n\n\n\n<p>Cuenta.- &nbsp;ES65 3187 0001 72 3122766417<\/p>\n\n\n\n<p>El importe incluye visita guiada y comida en el sal\u00f3n de Pe\u00f1as.<\/p>\n\n\n\n<p>MEN\u00da EN MESA: JAMON IBERICO, QUESO, TOMATE ALI\u00d1AO<\/p>\n\n\n\n<p>PLATO PRINCIPAL: CALDERETA DE CARNE DE MILLARES<\/p>\n\n\n\n<p>POSTRE: FRUTA TEMPORADA, CAF\u00c9 Y DULCES<\/p>\n\n\n\n<p>BEBIDAS: VINO BLANCO DEL CONDADO, CERVEZA, REFRESCOS Y AGUA<\/p>\n\n\n\n<p>Recomendado llevar calzado c\u00f3modo, ropa de abrigo y teleobjetivos para captar las mejores im\u00e1genes de la naturaleza y su fauna singular.<\/p>\n\n\n\n<figure class=\"wp-block-image size-large\"><a href=\"https:\/\/www.huelvaysusfotografos.com\/wp-content\/uploads\/2022\/02\/CARTEL-QUEDADA-LOS-MILLARES-1.jpg\"><img loading=\"lazy\" decoding=\"async\" width=\"1024\" height=\"768\" src=\"https:\/\/www.huelvaysusfotografos.com\/wp-content\/uploads\/2022\/02\/CARTEL-QUEDADA-LOS-MILLARES-1-1024x768.jpg\" alt=\"\" class=\"wp-image-10374\" srcset=\"https:\/\/www.huelvaysusfotografos.com\/wp-content\/uploads\/2022\/02\/CARTEL-QUEDADA-LOS-MILLARES-1-1024x768.jpg 1024w, https:\/\/www.huelvaysusfotografos.com\/wp-content\/uploads\/2022\/02\/CARTEL-QUEDADA-LOS-MILLARES-1-300x225.jpg 300w, https:\/\/www.huelvaysusfotografos.com\/wp-content\/uploads\/2022\/02\/CARTEL-QUEDADA-LOS-MILLARES-1-768x576.jpg 768w, https:\/\/www.huelvaysusfotografos.com\/wp-content\/uploads\/2022\/02\/CARTEL-QUEDADA-LOS-MILLARES-1-1536x1152.jpg 1536w, https:\/\/www.huelvaysusfotografos.com\/wp-content\/uploads\/2022\/02\/CARTEL-QUEDADA-LOS-MILLARES-1-160x120.jpg 160w, https:\/\/www.huelvaysusfotografos.com\/wp-content\/uploads\/2022\/02\/CARTEL-QUEDADA-LOS-MILLARES-1.jpg 2000w\" sizes=\"auto, (max-width: 1024px) 100vw, 1024px\" \/><\/a><\/figure>\n\n\n\n<figure class=\"wp-block-gallery has-nested-images columns-2 wp-block-gallery-1 is-layout-flex wp-block-gallery-is-layout-flex\">\n<figure class=\"wp-block-image size-large\"><a href=\"https:\/\/www.huelvaysusfotografos.com\/wp-content\/uploads\/2022\/02\/cartel-quedada-millares-FAF.jpg\"><img loading=\"lazy\" decoding=\"async\" width=\"1024\" height=\"1024\" data-id=\"10383\" src=\"https:\/\/www.huelvaysusfotografos.com\/wp-content\/uploads\/2022\/02\/cartel-quedada-millares-FAF-1024x1024.jpg\" alt=\"\" class=\"wp-image-10383\" srcset=\"https:\/\/www.huelvaysusfotografos.com\/wp-content\/uploads\/2022\/02\/cartel-quedada-millares-FAF-1024x1024.jpg 1024w, https:\/\/www.huelvaysusfotografos.com\/wp-content\/uploads\/2022\/02\/cartel-quedada-millares-FAF-300x300.jpg 300w, https:\/\/www.huelvaysusfotografos.com\/wp-content\/uploads\/2022\/02\/cartel-quedada-millares-FAF-150x150.jpg 150w, https:\/\/www.huelvaysusfotografos.com\/wp-content\/uploads\/2022\/02\/cartel-quedada-millares-FAF-768x768.jpg 768w, https:\/\/www.huelvaysusfotografos.com\/wp-content\/uploads\/2022\/02\/cartel-quedada-millares-FAF-50x50.jpg 50w, https:\/\/www.huelvaysusfotografos.com\/wp-content\/uploads\/2022\/02\/cartel-quedada-millares-FAF-186x186.jpg 186w, https:\/\/www.huelvaysusfotografos.com\/wp-content\/uploads\/2022\/02\/cartel-quedada-millares-FAF.jpg 1080w\" sizes=\"auto, (max-width: 1024px) 100vw, 1024px\" \/><\/a><\/figure>\n\n\n\n<figure class=\"wp-block-image size-large\"><a href=\"https:\/\/www.huelvaysusfotografos.com\/wp-content\/uploads\/2022\/02\/anojos-campo.jpg\"><img loading=\"lazy\" decoding=\"async\" width=\"1024\" height=\"768\" data-id=\"10385\" src=\"https:\/\/www.huelvaysusfotografos.com\/wp-content\/uploads\/2022\/02\/anojos-campo-1024x768.jpg\" alt=\"\" class=\"wp-image-10385\" srcset=\"https:\/\/www.huelvaysusfotografos.com\/wp-content\/uploads\/2022\/02\/anojos-campo-1024x768.jpg 1024w, https:\/\/www.huelvaysusfotografos.com\/wp-content\/uploads\/2022\/02\/anojos-campo-300x225.jpg 300w, https:\/\/www.huelvaysusfotografos.com\/wp-content\/uploads\/2022\/02\/anojos-campo-768x576.jpg 768w, https:\/\/www.huelvaysusfotografos.com\/wp-content\/uploads\/2022\/02\/anojos-campo-1536x1152.jpg 1536w, https:\/\/www.huelvaysusfotografos.com\/wp-content\/uploads\/2022\/02\/anojos-campo-160x120.jpg 160w, https:\/\/www.huelvaysusfotografos.com\/wp-content\/uploads\/2022\/02\/anojos-campo.jpg 2000w\" sizes=\"auto, (max-width: 1024px) 100vw, 1024px\" \/><\/a><\/figure>\n\n\n\n<figure class=\"wp-block-image size-large\"><a href=\"https:\/\/www.huelvaysusfotografos.com\/wp-content\/uploads\/2022\/02\/cerdos-campo.jpg\"><img loading=\"lazy\" decoding=\"async\" width=\"1024\" height=\"768\" data-id=\"10386\" src=\"https:\/\/www.huelvaysusfotografos.com\/wp-content\/uploads\/2022\/02\/cerdos-campo-1024x768.jpg\" alt=\"\" class=\"wp-image-10386\" srcset=\"https:\/\/www.huelvaysusfotografos.com\/wp-content\/uploads\/2022\/02\/cerdos-campo-1024x768.jpg 1024w, https:\/\/www.huelvaysusfotografos.com\/wp-content\/uploads\/2022\/02\/cerdos-campo-300x225.jpg 300w, https:\/\/www.huelvaysusfotografos.com\/wp-content\/uploads\/2022\/02\/cerdos-campo-768x576.jpg 768w, https:\/\/www.huelvaysusfotografos.com\/wp-content\/uploads\/2022\/02\/cerdos-campo-1536x1152.jpg 1536w, https:\/\/www.huelvaysusfotografos.com\/wp-content\/uploads\/2022\/02\/cerdos-campo-160x120.jpg 160w, https:\/\/www.huelvaysusfotografos.com\/wp-content\/uploads\/2022\/02\/cerdos-campo.jpg 2000w\" sizes=\"auto, (max-width: 1024px) 100vw, 1024px\" \/><\/a><\/figure>\n\n\n\n<figure class=\"wp-block-image size-large\"><a href=\"https:\/\/www.huelvaysusfotografos.com\/wp-content\/uploads\/2022\/02\/remolques.jpg\"><img loading=\"lazy\" decoding=\"async\" width=\"1024\" height=\"768\" data-id=\"10384\" src=\"https:\/\/www.huelvaysusfotografos.com\/wp-content\/uploads\/2022\/02\/remolques-1024x768.jpg\" alt=\"\" class=\"wp-image-10384\" srcset=\"https:\/\/www.huelvaysusfotografos.com\/wp-content\/uploads\/2022\/02\/remolques-1024x768.jpg 1024w, https:\/\/www.huelvaysusfotografos.com\/wp-content\/uploads\/2022\/02\/remolques-300x225.jpg 300w, https:\/\/www.huelvaysusfotografos.com\/wp-content\/uploads\/2022\/02\/remolques-768x576.jpg 768w, https:\/\/www.huelvaysusfotografos.com\/wp-content\/uploads\/2022\/02\/remolques-1536x1152.jpg 1536w, https:\/\/www.huelvaysusfotografos.com\/wp-content\/uploads\/2022\/02\/remolques-160x120.jpg 160w, https:\/\/www.huelvaysusfotografos.com\/wp-content\/uploads\/2022\/02\/remolques.jpg 2000w\" sizes=\"auto, (max-width: 1024px) 100vw, 1024px\" \/><\/a><\/figure>\n\n\n\n<figure class=\"wp-block-image size-large\"><a href=\"https:\/\/www.huelvaysusfotografos.com\/wp-content\/uploads\/2022\/02\/Salon-de-Penas.jpg\"><img loading=\"lazy\" decoding=\"async\" width=\"1024\" height=\"768\" data-id=\"10387\" src=\"https:\/\/www.huelvaysusfotografos.com\/wp-content\/uploads\/2022\/02\/Salon-de-Penas-1024x768.jpg\" alt=\"\" class=\"wp-image-10387\" srcset=\"https:\/\/www.huelvaysusfotografos.com\/wp-content\/uploads\/2022\/02\/Salon-de-Penas-1024x768.jpg 1024w, https:\/\/www.huelvaysusfotografos.com\/wp-content\/uploads\/2022\/02\/Salon-de-Penas-300x225.jpg 300w, https:\/\/www.huelvaysusfotografos.com\/wp-content\/uploads\/2022\/02\/Salon-de-Penas-768x576.jpg 768w, https:\/\/www.huelvaysusfotografos.com\/wp-content\/uploads\/2022\/02\/Salon-de-Penas-1536x1152.jpg 1536w, https:\/\/www.huelvaysusfotografos.com\/wp-content\/uploads\/2022\/02\/Salon-de-Penas-160x120.jpg 160w, https:\/\/www.huelvaysusfotografos.com\/wp-content\/uploads\/2022\/02\/Salon-de-Penas.jpg 2000w\" sizes=\"auto, (max-width: 1024px) 100vw, 1024px\" \/><\/a><\/figure>\n\n\n\n<figure class=\"wp-block-image size-large\"><a href=\"https:\/\/www.huelvaysusfotografos.com\/wp-content\/uploads\/2022\/02\/toros-campo-1.jpg\"><img loading=\"lazy\" decoding=\"async\" width=\"1024\" height=\"768\" data-id=\"10389\" src=\"https:\/\/www.huelvaysusfotografos.com\/wp-content\/uploads\/2022\/02\/toros-campo-1-1024x768.jpg\" alt=\"\" class=\"wp-image-10389\" srcset=\"https:\/\/www.huelvaysusfotografos.com\/wp-content\/uploads\/2022\/02\/toros-campo-1-1024x768.jpg 1024w, https:\/\/www.huelvaysusfotografos.com\/wp-content\/uploads\/2022\/02\/toros-campo-1-300x225.jpg 300w, https:\/\/www.huelvaysusfotografos.com\/wp-content\/uploads\/2022\/02\/toros-campo-1-768x576.jpg 768w, https:\/\/www.huelvaysusfotografos.com\/wp-content\/uploads\/2022\/02\/toros-campo-1-1536x1152.jpg 1536w, https:\/\/www.huelvaysusfotografos.com\/wp-content\/uploads\/2022\/02\/toros-campo-1-160x120.jpg 160w, https:\/\/www.huelvaysusfotografos.com\/wp-content\/uploads\/2022\/02\/toros-campo-1.jpg 2000w\" sizes=\"auto, (max-width: 1024px) 100vw, 1024px\" \/><\/a><\/figure>\n\n\n\n<figure class=\"wp-block-image size-large\"><a href=\"https:\/\/www.huelvaysusfotografos.com\/wp-content\/uploads\/2022\/02\/toros-campo.jpg\"><img loading=\"lazy\" decoding=\"async\" width=\"1024\" height=\"768\" data-id=\"10388\" src=\"https:\/\/www.huelvaysusfotografos.com\/wp-content\/uploads\/2022\/02\/toros-campo-1024x768.jpg\" alt=\"\" class=\"wp-image-10388\" srcset=\"https:\/\/www.huelvaysusfotografos.com\/wp-content\/uploads\/2022\/02\/toros-campo-1024x768.jpg 1024w, https:\/\/www.huelvaysusfotografos.com\/wp-content\/uploads\/2022\/02\/toros-campo-300x225.jpg 300w, https:\/\/www.huelvaysusfotografos.com\/wp-content\/uploads\/2022\/02\/toros-campo-768x576.jpg 768w, https:\/\/www.huelvaysusfotografos.com\/wp-content\/uploads\/2022\/02\/toros-campo-1536x1152.jpg 1536w, https:\/\/www.huelvaysusfotografos.com\/wp-content\/uploads\/2022\/02\/toros-campo-160x120.jpg 160w, https:\/\/www.huelvaysusfotografos.com\/wp-content\/uploads\/2022\/02\/toros-campo.jpg 2000w\" sizes=\"auto, (max-width: 1024px) 100vw, 1024px\" \/><\/a><\/figure>\n\n\n\n<figure class=\"wp-block-image size-large\"><a href=\"https:\/\/www.huelvaysusfotografos.com\/wp-content\/uploads\/2022\/02\/visita-remolque.jpg\"><img loading=\"lazy\" decoding=\"async\" width=\"1024\" height=\"768\" data-id=\"10390\" src=\"https:\/\/www.huelvaysusfotografos.com\/wp-content\/uploads\/2022\/02\/visita-remolque-1024x768.jpg\" alt=\"\" class=\"wp-image-10390\" srcset=\"https:\/\/www.huelvaysusfotografos.com\/wp-content\/uploads\/2022\/02\/visita-remolque-1024x768.jpg 1024w, https:\/\/www.huelvaysusfotografos.com\/wp-content\/uploads\/2022\/02\/visita-remolque-300x225.jpg 300w, https:\/\/www.huelvaysusfotografos.com\/wp-content\/uploads\/2022\/02\/visita-remolque-768x576.jpg 768w, https:\/\/www.huelvaysusfotografos.com\/wp-content\/uploads\/2022\/02\/visita-remolque-1536x1152.jpg 1536w, https:\/\/www.huelvaysusfotografos.com\/wp-content\/uploads\/2022\/02\/visita-remolque-160x120.jpg 160w, https:\/\/www.huelvaysusfotografos.com\/wp-content\/uploads\/2022\/02\/visita-remolque.jpg 2000w\" sizes=\"auto, (max-width: 1024px) 100vw, 1024px\" \/><\/a><\/figure>\n<\/figure>\n","protected":false},"excerpt":{"rendered":"<p>El primer encuentro de Hermandad de las dos asociaciones fotogr\u00e1ficas de Huelva, pasa por una visita guiada a la finca onubense de Los Millares. Tras el&nbsp; hermanamiento de ACCOF y HYSF el pasado mes de noviembre, ambas asociaciones se unir\u00e1n en este encuentro fotogr\u00e1fico y gastron\u00f3mico como primero de los actos que ambas asociaciones pretenden realizar en este a\u00f1o de 2022. Andaluc\u00eda disfruta de m\u00e1s de 3.000 horas de sol<\/p>\n<div class=\"belowpost\"><a class=\"btnmore\" href=\"https:\/\/www.huelvaysusfotografos.com\/?p=10372\">Seguir leyendo<\/a><\/div>\n","protected":false},"author":8279,"featured_media":10373,"comment_status":"open","ping_status":"open","sticky":false,"template":"","format":"standard","meta":{"footnotes":"","_links_to":"","_links_to_target":""},"categories":[4,6],"tags":[],"class_list":["post-10372","post","type-post","status-publish","format-standard","has-post-thumbnail","hentry","category-actividades","category-quedadas"],"_links":{"self":[{"href":"https:\/\/www.huelvaysusfotografos.com\/index.php?rest_route=\/wp\/v2\/posts\/10372","targetHints":{"allow":["GET"]}}],"collection":[{"href":"https:\/\/www.huelvaysusfotografos.com\/index.php?rest_route=\/wp\/v2\/posts"}],"about":[{"href":"https:\/\/www.huelvaysusfotografos.com\/index.php?rest_route=\/wp\/v2\/types\/post"}],"author":[{"embeddable":true,"href":"https:\/\/www.huelvaysusfotografos.com\/index.php?rest_route=\/wp\/v2\/users\/8279"}],"replies":[{"embeddable":true,"href":"https:\/\/www.huelvaysusfotografos.com\/index.php?rest_route=%2Fwp%2Fv2%2Fcomments&post=10372"}],"version-history":[{"count":2,"href":"https:\/\/www.huelvaysusfotografos.com\/index.php?rest_route=\/wp\/v2\/posts\/10372\/revisions"}],"predecessor-version":[{"id":10392,"href":"https:\/\/www.huelvaysusfotografos.com\/index.php?rest_route=\/wp\/v2\/posts\/10372\/revisions\/10392"}],"wp:featuredmedia":[{"embeddable":true,"href":"https:\/\/www.huelvaysusfotografos.com\/index.php?rest_route=\/wp\/v2\/media\/10373"}],"wp:attachment":[{"href":"https:\/\/www.huelvaysusfotografos.com\/index.php?rest_route=%2Fwp%2Fv2%2Fmedia&parent=10372"}],"wp:term":[{"taxonomy":"category","embeddable":true,"href":"https:\/\/www.huelvaysusfotografos.com\/index.php?rest_route=%2Fwp%2Fv2%2Fcategories&post=10372"},{"taxonomy":"post_tag","embeddable":true,"href":"https:\/\/www.huelvaysusfotografos.com\/index.php?rest_route=%2Fwp%2Fv2%2Ftags&post=10372"}],"curies":[{"name":"wp","href":"https:\/\/api.w.org\/{rel}","templated":true}]}}